{"id":602,"date":"2021-02-02T23:17:37","date_gmt":"2021-02-02T22:17:37","guid":{"rendered":"http:\/\/plant.pl\/?p=602"},"modified":"2021-03-05T12:32:01","modified_gmt":"2021-03-05T11:32:01","slug":"kiedy-sadzic-tuje","status":"publish","type":"post","link":"https:\/\/plant.pl\/?p=602","title":{"rendered":"Kiedy sadzi\u0107 tuje ?"},"content":{"rendered":"\t\t<div data-elementor-type=\"wp-post\" data-elementor-id=\"602\" class=\"elementor elementor-602\">\n\t\t\t\t\t\t<div class=\"elementor-inner\">\n\t\t\t\t<div class=\"elementor-section-wrap\">\n\t\t\t\t\t\t\t\t\t<section class=\"elementor-section elementor-top-section elementor-element elementor-element-1a0f52bc elementor-section-boxed elementor-section-height-default elementor-section-height-default\" data-id=\"1a0f52bc\" data-element_type=\"section\">\n\t\t\t\t\t\t<div class=\"elementor-container elementor-column-gap-default\">\n\t\t\t\t\t\t\t<div class=\"elementor-row\">\n\t\t\t\t\t<div class=\"elementor-column elementor-col-100 elementor-top-column elementor-element elementor-element-50108cfe\" data-id=\"50108cfe\" data-element_type=\"column\">\n\t\t\t<div class=\"elementor-column-wrap elementor-element-populated\">\n\t\t\t\t\t\t\t<div class=\"elementor-widget-wrap\">\n\t\t\t\t\t\t<div class=\"elementor-element elementor-element-24d9924f elementor-widget elementor-widget-text-editor\" data-id=\"24d9924f\" data-element_type=\"widget\" data-widget_type=\"text-editor.default\">\n\t\t\t\t<div class=\"elementor-widget-container\">\n\t\t\t\t\t\t\t\t<div class=\"elementor-text-editor elementor-clearfix\">\n\t\t\t\t<!-- wp:paragraph -->\n<p>Tuje Szmaragd, podobnie jak inne ro\u015bliny iglaste uprawiane w gruncie, mo\u017cemy sadzi\u0107 w dw\u00f3ch terminach:<\/p>\n<!-- \/wp:paragraph --><!-- wp:list -->\n<ul>\n<li><strong>marzec \u2013 kwiecie\u0144 \u2013 maj<\/strong><\/li>\n<li><strong>wrzesie\u0144 \u2013 pa\u017adziernik \u2013 listopad<\/strong><\/li>\n<\/ul>\n<!-- \/wp:list --><!-- wp:paragraph -->\n<p>Termin sadzenia \u00a0(przesadzania) ro\u015blin uprawianych w gruncie jest \u015bci\u015ble zwi\u0105zany z pogod\u0105 i wegetacj\u0105 ro\u015blin. Nale\u017cy jednak zacz\u0105\u0107 od tego, \u017ce podczas wykopywania ro\u015blin z gruntu musimy odci\u0105\u0107 cz\u0119\u015b\u0107 systemu korzeniowego. Im mniej korzeni utniemy a bry\u0142ka korzeniowa b\u0119dzie wi\u0119ksza \u2013 tym lepiej. Wielko\u015b\u0107 bry\u0142ki korzeniowej powinna by\u0107 jednak dostosowana do wielko\u015bci ro\u015bliny. Zasada \u201eim wi\u0119ksza ro\u015blina \u2013 tym wi\u0119ksza bry\u0142ka\u201d ma pewne ograniczenia:<\/p>\n<!-- \/wp:paragraph --><!-- wp:list -->\n<ul>\n<li>trudno\u015b\u0107 wykopania<\/li>\n<li>du\u017cy ci\u0119\u017car \u2013 problem z podniesieniem i przetransportowaniem ro\u015bliny<\/li>\n<li>problem z utrzymaniem si\u0119 pod\u0142o\u017ca na korzeniach<\/li>\n<\/ul>\n<!-- \/wp:list --><!-- wp:paragraph -->\n<p>Wczesn\u0105\u00a0<strong>wiosn\u0105<\/strong>, jako pierwszy zaczyna rosn\u0105\u0107 system korzeniowy, p\u00f3\u017aniej rozwija si\u0119 cz\u0119\u015b\u0107 zielona ro\u015bliny.<strong> Im wcze\u015bniej przesadzimy tuje tym wi\u0119cej czasu im dajemy na odbudow\u0119 korzeni.<\/strong> Prawid\u0142owo wykopane tuje, posadzone w marcu, kwietniu lub maju, powinny przyj\u0105\u0107 si\u0119 w 95-100 %.<\/p>\n<!-- \/wp:paragraph --><!-- wp:paragraph -->\n<p>Na pocz\u0105tku czerwca przychodz\u0105 pierwsze upa\u0142y. Tuja Szmaragd, podobnie jak inne ro\u015bliny, transpiruje wod\u0119, jednak najintensywniej transpiruj\u0105 najm\u0142odsze, tegoroczne przyrosty. Zdarza si\u0119, \u017ce przyci\u0119ty podczas przesadzania system korzeniowy nie jest w stanie pobra\u0107 wystarczaj\u0105cej ilo\u015bci wody aby uzupe\u0142ni\u0107 jej chwilowe niedostatki. W takich sytuacjach podczas upalnych dni mo\u017cemy obserwowa\u0107 \u201e<strong>przewisanie<\/strong>\u201d m\u0142odych przyrost\u00f3w. Jest to zwi\u0105zane z chwilowym spadkiem turgoru w tkankach ro\u015blinnych. Utrzymuje si\u0119 najcz\u0119\u015bciej do wieczora, przez noc ro\u015blina powinna uzupe\u0142ni\u0107 braki wody. W takiej sytuacji nale\u017cy zwr\u00f3ci\u0107 uwag\u0119 na ilo\u015b\u0107 wody w glebie i ewentualnie podla\u0107. Zjawisko to mo\u017ce wyst\u0105pi\u0107 wy\u0142\u0105cznie w pierwszym roku po posadzeniu. \u00a0<\/p>\n<!-- \/wp:paragraph --><!-- wp:paragraph -->\n<p>W wyj\u0105tkowych sytuacjach, tuje mo\u017cemy sadzi\u0107 jeszcze na pocz\u0105tku\u00a0<strong>czerwca<\/strong>. Musz\u0105 by\u0107 jednak spe\u0142nione pewne warunki:<\/p>\n<!-- \/wp:paragraph --><!-- wp:list -->\n<ul>\n<li>ro\u015bliny nie wi\u0119ksze ni\u017c 120 cm wys. (ma\u0142e uszkodzenia systemu korzeniowego podczas wykopywania),<\/li>\n<li>miejsce docelowe nie mo\u017ce bardzo nas\u0142onecznione,<\/li>\n<li>gleba nie mo\u017ce szybko przesycha\u0107 czyli nie mo\u017ce to by\u0107 po\u0142udniowy stok lub nas\u0142oneczniona skarpa,<\/li>\n<li>zainstalujemy system nawadniaj\u0105cy czyli lini\u0119 kropluj\u0105c\u0105. \u00a0\u00a0<\/li>\n<\/ul>\n<!-- \/wp:list --><!-- wp:paragraph -->\n<p>Drugim terminem sadzenia jest\u00a0<strong>jesie\u0144<\/strong>. Tuje mo\u017cna wykopywa\u0107 i sadzi\u0107 w ogrodach ju\u017c w pierwszych dniach wrze\u015bnia. Warunkiem jest jednak ustanie letnich upa\u0142\u00f3w. Obecna zmiana klimatu spowodowa\u0142a, \u017ce nasza jesie\u0144 robi si\u0119 d\u0142uga i ciep\u0142a a zima przychodzi dopiero w grudniu. Daje to mo\u017cliwo\u015b\u0107 prowadzenia prac ogrodowych nawet w listopadzie.<\/p>\n<!-- \/wp:paragraph -->\t\t\t\t\t<\/div>\n\t\t\t\t\t\t<\/div>\n\t\t\t\t<\/div>\n\t\t\t\t\t\t<\/div>\n\t\t\t\t\t<\/div>\n\t\t<\/div>\n\t\t\t\t\t\t\t\t<\/div>\n\t\t\t\t\t<\/div>\n\t\t<\/section>\n\t\t\t\t\t\t\t\t\t<\/div>\n\t\t\t<\/div>\n\t\t\t\t\t<\/div>\n\t\t","protected":false},"excerpt":{"rendered":"<p>Tuje Szmaragd, podobnie jak inne ro\u015bliny iglaste uprawiane w gruncie, mo\u017cemy sadzi\u0107 w dw\u00f3ch terminach: marzec \u2013 kwiecie\u0144 \u2013 maj wrzesie\u0144 \u2013 pa\u017adziernik \u2013 listopad Termin sadzenia \u00a0(przesadzania) ro\u015blin uprawianych w gruncie jest \u015bci\u015ble zwi\u0105zany z pogod\u0105 i wegetacj\u0105 ro\u015blin. Nale\u017cy jednak zacz\u0105\u0107 od tego, \u017ce podczas wykopywania ro\u015blin z gruntu musimy odci\u0105\u0107 cz\u0119\u015b\u0107 systemu &hellip; <\/p>\n<p class=\"link-more\"><a href=\"https:\/\/plant.pl\/?p=602\" class=\"more-link\">Czytaj dalej<span class=\"screen-reader-text\"> \u201eKiedy sadzi\u0107 tuje ?\u201d<\/span><\/a><\/p>\n","protected":false},"author":2,"featured_media":0,"comment_status":"open","ping_status":"open","sticky":false,"template":"","format":"standard","meta":{"om_disable_all_campaigns":false,"_monsterinsights_skip_tracking":false,"_monsterinsights_sitenote_active":false,"_monsterinsights_sitenote_note":"","_monsterinsights_sitenote_category":0,"footnotes":""},"categories":[1],"tags":[],"aioseo_notices":[],"_links":{"self":[{"href":"https:\/\/plant.pl\/index.php?rest_route=\/wp\/v2\/posts\/602"}],"collection":[{"href":"https:\/\/plant.pl\/index.php?rest_route=\/wp\/v2\/posts"}],"about":[{"href":"https:\/\/plant.pl\/index.php?rest_route=\/wp\/v2\/types\/post"}],"author":[{"embeddable":true,"href":"https:\/\/plant.pl\/index.php?rest_route=\/wp\/v2\/users\/2"}],"replies":[{"embeddable":true,"href":"https:\/\/plant.pl\/index.php?rest_route=%2Fwp%2Fv2%2Fcomments&post=602"}],"version-history":[{"count":7,"href":"https:\/\/plant.pl\/index.php?rest_route=\/wp\/v2\/posts\/602\/revisions"}],"predecessor-version":[{"id":938,"href":"https:\/\/plant.pl\/index.php?rest_route=\/wp\/v2\/posts\/602\/revisions\/938"}],"wp:attachment":[{"href":"https:\/\/plant.pl\/index.php?rest_route=%2Fwp%2Fv2%2Fmedia&parent=602"}],"wp:term":[{"taxonomy":"category","embeddable":true,"href":"https:\/\/plant.pl\/index.php?rest_route=%2Fwp%2Fv2%2Fcategories&post=602"},{"taxonomy":"post_tag","embeddable":true,"href":"https:\/\/plant.pl\/index.php?rest_route=%2Fwp%2Fv2%2Ftags&post=602"}],"curies":[{"name":"wp","href":"https:\/\/api.w.org\/{rel}","templated":true}]}}